{"id":351,"date":"2020-03-20T14:42:58","date_gmt":"2020-03-20T13:42:58","guid":{"rendered":"http:\/\/wp.luechtenberg.de\/?p=351"},"modified":"2020-03-20T14:42:58","modified_gmt":"2020-03-20T13:42:58","slug":"wenn-ich-ein-virus-waer","status":"publish","type":"post","link":"https:\/\/www.luechtenberg.de\/WordPress_01\/wenn-ich-ein-virus-waer\/","title":{"rendered":"Wenn ich ein Virus w\u00e4r&#8216;"},"content":{"rendered":"\n<p>Vorwort<\/p>\n\n\n\n<p>Achtung: Diese kleine Geschichte ist frei erfunden. Die Lebewesen darin k\u00f6nnen weder denken, sprechen oder sich selbstst\u00e4ndig bewegen. Die Personen darin w\u00fcrden sich auch nie so fahrl\u00e4ssig verhalten, denn das verbietet schon der gesunde Menschenverstand.<\/p>\n\n\n\n<p>Wer sich in seinem Verhalten allerdings darin auch nur zum Teil wiederfindet, sollte letzteren vielleicht schnellstm\u00f6glich einschalten.<\/p>\n\n\n\n<p>Meine Gedanken sind bei alle denen, die in dieser Krise leiden m\u00fcssen und Angst um sich, um Ihre Lieben, Ihre Eltern oder Gro\u00dfeltern haben.<\/p>\n\n\n\n<p>Viel Spa\u00df beim Lesen.<\/p>\n\n\n\n<p>Roland aus Friemersheim.<\/p>\n\n\n\n<p>________________________________________<\/p>\n\n\n\n<p>Wenn ich ein Virus w\u00e4r\u2018, \u2026..<\/p>\n\n\n\n<p>\u2026. dann w\u00fcrde ich sicher um mein \u00dcberleben k\u00e4mpfen!<\/p>\n\n\n\n<p>Das ist leider gerade in Gefahr, da mich jemand auf dem Handgriff eines Einkaufswagens zur\u00fcckgelassen hat.&nbsp;&nbsp;In ein paar Stunden w\u00e4re es aus mit mir, zumal gerade der Himmel aufrei\u00dft und die pralle Sonne auf den Kunststoffgriff scheint. W\u00e4rme mag ich nicht!<\/p>\n\n\n\n<p>Doch da kommt ein neuer Mensch, und da die zuletzt eingestellten Wagen auch wieder als Erste genommen werden, bin ich froh, wieder unterwegs zu sein.<\/p>\n\n\n\n<p>Das Grauen wartet allerdings direkt an der Eingangst\u00fcr des Supermarktes: Auf einem Stehtisch steht eine Flasche mit meinem Todfeind, der Desinfektionsl\u00f6sung f\u00fcr die H\u00e4nde.<\/p>\n\n\n\n<p>Ein Gl\u00fcck: Unser Mensch ignoriert Flasche und Hinweisschild und schiebt uns vorbei in den gem\u00fctlichen Markt.&nbsp;<\/p>\n\n\n\n<p>Ich beschlie\u00dfe, zusammen mit ein paar Nachbarn auf die Hand unseres Chauffeurs umzusiedeln. Hier wird es schon eng! Offenbar liegt das letzte H\u00e4ndewaschen schon lange zur\u00fcck.&nbsp;<\/p>\n\n\n\n<p>Die Hand geht von Regal zu Regal. Artikel werden angefasst, und manchmal wieder zur\u00fcckgestellt. Hier verliere ich viele meiner neuen Freunde und rufe Ihnen zu: Na, der n\u00e4chste Kunde kommt bestimmt und nimmt Euch mit.<\/p>\n\n\n\n<p>Mein Hand-Taxi kommt nun zur K\u00fchltheke. Nein, nicht die Tiefk\u00fchltruhe, sondern die offene Theke mit Wurst, K\u00e4se und Milchprodukten. Ha, diese Temperatur mag ich, und die Oberfl\u00e4che dieser Verpackungen ganz besonders. Ich habe eine fettige Haut, und so kann ich diese glatten Oberfl\u00e4chen richtig sch\u00f6n beschmieren.<\/p>\n\n\n\n<p>Ich entscheide mich, mich auf einer Packung Toast-Scheibletten niederzulassen, bereue es aber schnell, da diese wohl gerade erst einger\u00e4umt wurde, und ich bin allein.<\/p>\n\n\n\n<p>Da liege ich nun tief im Einkaufswagen. Ab und zu kommt die Salamipackung vorbei geschmiert, und ich h\u00f6re, dass es den Passagieren dort \u00e4hnlich geht.<\/p>\n\n\n\n<p>Ist das schon das Ende ?<\/p>\n\n\n\n<p>Nein: Wenige Minuten sp\u00e4ter, meine Haut wurde schon ganz faltig, greift unser Hand-Taxi wieder in den Wagen und legt K\u00e4se, Salami und die anderen Taxis auf ein gro\u00dfes F\u00f6rderband. Party! Ich traue meinen Augen nicht, wie viele Freunde sich schon auf dem F\u00f6rderband niedergelassen haben. Einige beschmieren das Band und Fahren wohl die n\u00e4chste Stunde kostenlos Karussell. Ist ja wie im Freizeitpark hier!<\/p>\n\n\n\n<p>Ich schaffe leider den Absprung nicht, bekomme aber viele neue Freunde, denen wohl vom Karussellfahren schon schwindlig ist. Sie kommen auf einen Schmierer vorbei und setzen sich neben mich. Hoffentlich \u00fcbergeben die sich nicht auf meiner sch\u00f6nen K\u00e4sepackung!<\/p>\n\n\n\n<p>Ein Lichtblitz schreckt uns auf. Sonne? Nein, es ist der Laser der Scanner Kasse. Die Glasscheibe darauf sieht leider recht sauber aus. Ich blicke auf die Kassiererin und Ihre H\u00e4nde.Sie tr\u00e4gt Latexhandschuhe, und ich denke mir leise: \u201eDie Glasscheibe wird geputzt, doch das Band hast Du vergessen.\u201c<\/p>\n\n\n\n<p>Einige nutzen die Oberfl\u00e4che Ihrer Handschuhe noch als schnelle Umsteigem\u00f6glichkeit.&nbsp;<\/p>\n\n\n\n<p>Der Rest von Uns landet wieder im Einkaufswagen. Ein kurzer Blick in die Runde zeigt mir, dass nun so gut wie keine Verpackung hier unbesiedelt ist. Die Packungen, die bisher noch verwaist waren, sind sp\u00e4testens im Freizeitpark neu besetzt worden.&nbsp;<\/p>\n\n\n\n<p>Wir kommen schnell in eine Tasche, und es wird dunkel. Die Br\u00f6tchen-T\u00fcte nebenan w\u00e4rmt mein K\u00e4se-Taxi. Ich versuche, mich mit den Bewohnern darauf zu unterhalten, doch die Stimmen darauf werden immer leiser. Offenbar ist das Papier kein guter Sitzplatz f\u00fcr unsereinen.<\/p>\n\n\n\n<p>Es rumpelt leicht. Offenbar stellt unser Kunde den Einkaufswagen wieder zur\u00fcck. Ich h\u00f6re vom Handgriff noch einige meiner alten Freunde rufen: \u201eTaxi!\u201c.&nbsp;<\/p>\n\n\n\n<p>Der n\u00e4chste Kunde wartet schon.<\/p>\n\n\n\n<p>F\u00fcr uns auf dem K\u00e4se beginnt eine beschwerliche Fahrt. Der PKW heizt sich in der Sonne auf, doch wie bestellt hat sich eine Pizzapackung neben uns gesetzt. Tasche mit Klimaanlage &#8211; Klasse!<\/p>\n\n\n\n<p>Wieder rumpelt es, und ich sehe durch einen Schlitz die Decke eines Hausflurs.<\/p>\n\n\n\n<p>Die Tasche wird abgestellt, unser Mensch klingelt an der T\u00fcr und sagt etwas wie:&nbsp;<\/p>\n\n\n\n<p>\u201eGern geschehen. Bis n\u00e4chste Woche. Bleiben Sie gesund und lassen sich nicht anstecken!\u201c<\/p>\n\n\n\n<p>Aus meiner Tasche kommt ein lautes Gegr\u00f6le.<\/p>\n\n\n\n<p>Ich schlie\u00dfe meine Augen und dr\u00fccke meine vielen Daumen: Wenn unser neuer Mensch jetzt unser K\u00e4se-Taxi in die Hand nimmt, zuf\u00e4llig das H\u00e4ndewaschen vergisst und sich man kurz die Nase reibt, haben wir es \u2026.<\/p>\n\n\n\n<p>\u2026 geschafft!&nbsp;&nbsp;&nbsp;Zuhause!<\/p>\n","protected":false},"excerpt":{"rendered":"<p>Vorwort Achtung: Diese kleine Geschichte ist frei erfunden. Die Lebewesen darin k\u00f6nnen weder denken, sprechen oder sich selbstst\u00e4ndig bewegen. Die Personen darin w\u00fcrden sich auch nie so fahrl\u00e4ssig verhalten, denn das verbietet schon der gesunde Menschenverstand. Wer sich in seinem Verhalten allerdings darin auch nur zum Teil wiederfindet, sollte letzteren vielleicht schnellstm\u00f6glich einschalten. Meine Gedanken &hellip; <a href=\"https:\/\/www.luechtenberg.de\/WordPress_01\/wenn-ich-ein-virus-waer\/\" class=\"more-link\"><span class=\"screen-reader-text\">\u201eWenn ich ein Virus w\u00e4r&#8216;\u201c<\/span> weiterlesen<\/a><\/p>\n","protected":false},"author":1,"featured_media":0,"comment_status":"open","ping_status":"open","sticky":false,"template":"","format":"standard","meta":{"footnotes":""},"categories":[1],"tags":[],"class_list":["post-351","post","type-post","status-publish","format-standard","hentry","category-uncategorized"],"_links":{"self":[{"href":"https:\/\/www.luechtenberg.de\/WordPress_01\/wp-json\/wp\/v2\/posts\/351","targetHints":{"allow":["GET"]}}],"collection":[{"href":"https:\/\/www.luechtenberg.de\/WordPress_01\/wp-json\/wp\/v2\/posts"}],"about":[{"href":"https:\/\/www.luechtenberg.de\/WordPress_01\/wp-json\/wp\/v2\/types\/post"}],"author":[{"embeddable":true,"href":"https:\/\/www.luechtenberg.de\/WordPress_01\/wp-json\/wp\/v2\/users\/1"}],"replies":[{"embeddable":true,"href":"https:\/\/www.luechtenberg.de\/WordPress_01\/wp-json\/wp\/v2\/comments?post=351"}],"version-history":[{"count":2,"href":"https:\/\/www.luechtenberg.de\/WordPress_01\/wp-json\/wp\/v2\/posts\/351\/revisions"}],"predecessor-version":[{"id":353,"href":"https:\/\/www.luechtenberg.de\/WordPress_01\/wp-json\/wp\/v2\/posts\/351\/revisions\/353"}],"wp:attachment":[{"href":"https:\/\/www.luechtenberg.de\/WordPress_01\/wp-json\/wp\/v2\/media?parent=351"}],"wp:term":[{"taxonomy":"category","embeddable":true,"href":"https:\/\/www.luechtenberg.de\/WordPress_01\/wp-json\/wp\/v2\/categories?post=351"},{"taxonomy":"post_tag","embeddable":true,"href":"https:\/\/www.luechtenberg.de\/WordPress_01\/wp-json\/wp\/v2\/tags?post=351"}],"curies":[{"name":"wp","href":"https:\/\/api.w.org\/{rel}","templated":true}]}}